{"id":580,"date":"2009-09-16T11:27:04","date_gmt":"2009-09-16T09:27:04","guid":{"rendered":"http:\/\/lacajadeloscables.wordpress.com\/?p=580"},"modified":"2009-09-16T11:27:04","modified_gmt":"2009-09-16T09:27:04","slug":"eventos-de-tecnologia-en-zaragoza","status":"publish","type":"post","link":"https:\/\/www.lacajadeloscables.com\/?p=580","title":{"rendered":"Eventos de tecnolog\u00eda en Zaragoza"},"content":{"rendered":"<p>Parece que el mundillo de las tecnolog\u00edas y en especial de las webs tiene una mayor participaci\u00f3n en <strong>Zaragoza<\/strong>. Hoy por ejemplo podemos disfrutar del <strong>evento <\/strong>que Heraldo de Arag\u00f3n organiza en World Trade Center, <a href=\"http:\/\/glocalmeeting.wordpress.com\/\" target=\"_blank\">Glocal Internet Meeting<\/a>. Como ponentes destacados podremos ver a <strong>Jes\u00fas Encinar<\/strong> (Idealista.com), <strong>Fran\u00e7ois Derbaix<\/strong> (TopRural), <strong>Nacho Puell<\/strong> (11870.com), <strong>Joshua Novick<\/strong> (Antevenio), <strong>Luis Collado<\/strong> (Google) o <strong>Icaro Moyano<\/strong> (Tuenti).<\/p>\n<p>Ma\u00f1ana jueves y organizado por <strong>Eduardo Paz LLoveras, <\/strong><strong>Javier Romero, <\/strong><strong>Fernando Tom\u00e1s y <\/strong><strong>Antonio Galvan<\/strong> se celebra el segundo encuentro <a href=\"http:\/\/www.iniciador.com\/2009\/09\/09\/ii-iniciador-zaragoza-el-jueves-17-de-septiembre-ponente-carlos-oehling-de-going-investment\/\" target=\"_blank\">Iniciador Zaragoza<\/a>. Con la presencia de <strong>Carlos Oehling <\/strong>presidente y co-fundador de Going Investment.<\/p>\n<p>Los pr\u00f3ximo d\u00edas 6, 7 y  8\u00a0 de Octubre podremos presenciar <a href=\"http:\/\/www.seedrocket.com\/jeistartup09.html\" target=\"_blank\">JEI Startup Zaragoza<\/a>, organizado por <strong>SeedRocket<\/strong>.<br \/>\nCon la idea de unir emprendedores este evento re\u00fane a los mayores gur\u00fas en empresas de nuevas tecnolog\u00edas. Los afortunados tendr\u00e1n la oportunidad de presentarse ante un grupo de <strong>inversores privados<\/strong> y\u00a0 <strong>business angels<\/strong> adem\u00e1s de poder participar en <strong>sesiones <\/strong>y <strong>talleres pr\u00e1cticos<\/strong>.<\/p>\n","protected":false},"excerpt":{"rendered":"<p>Parece que el mundillo de las tecnolog\u00edas y en especial de las webs tiene una mayor participaci\u00f3n en Zaragoza. Hoy<\/p>\n","protected":false},"author":1,"featured_media":0,"comment_status":"open","ping_status":"open","sticky":false,"template":"","format":"standard","meta":[],"categories":[11],"tags":[143,174,196,329,346,372,381],"yoast_head":"<!-- This site is optimized with the Yoast SEO plugin v19.13 - https:\/\/yoast.com\/wordpress\/plugins\/seo\/ -->\n<title>Eventos de tecnolog\u00eda en Zaragoza - La caja de los cables<\/title>\n<meta name=\"robots\" content=\"index, follow, max-snippet:-1, max-image-preview:large, max-video-preview:-1\" \/>\n<link rel=\"canonical\" href=\"https:\/\/www.lacajadeloscables.com\/?p=580\" \/>\n<meta property=\"og:locale\" content=\"es_ES\" \/>\n<meta property=\"og:type\" content=\"article\" \/>\n<meta property=\"og:title\" content=\"Eventos de tecnolog\u00eda en Zaragoza - La caja de los cables\" \/>\n<meta property=\"og:description\" content=\"Parece que el mundillo de las tecnolog\u00edas y en especial de las webs tiene una mayor participaci\u00f3n en Zaragoza. Hoy\" \/>\n<meta property=\"og:url\" content=\"https:\/\/www.lacajadeloscables.com\/?p=580\" \/>\n<meta property=\"og:site_name\" content=\"La caja de los cables\" \/>\n<meta property=\"article:published_time\" content=\"2009-09-16T09:27:04+00:00\" \/>\n<meta name=\"author\" content=\"admin\" \/>\n<meta name=\"twitter:card\" content=\"summary_large_image\" \/>\n<meta name=\"twitter:label1\" content=\"Escrito por\" \/>\n\t<meta name=\"twitter:data1\" content=\"admin\" \/>\n\t<meta name=\"twitter:label2\" content=\"Tiempo de lectura\" \/>\n\t<meta name=\"twitter:data2\" content=\"1 minuto\" \/>\n<script type=\"application\/ld+json\" class=\"yoast-schema-graph\">{\"@context\":\"https:\/\/schema.org\",\"@graph\":[{\"@type\":\"WebPage\",\"@id\":\"https:\/\/www.lacajadeloscables.com\/?p=580\",\"url\":\"https:\/\/www.lacajadeloscables.com\/?p=580\",\"name\":\"Eventos de tecnolog\u00eda en Zaragoza - La caja de los cables\",\"isPartOf\":{\"@id\":\"https:\/\/www.lacajadeloscables.com\/#website\"},\"datePublished\":\"2009-09-16T09:27:04+00:00\",\"dateModified\":\"2009-09-16T09:27:04+00:00\",\"author\":{\"@id\":\"https:\/\/www.lacajadeloscables.com\/#\/schema\/person\/e1f2c239c39115fd646cd99802e6e9ee\"},\"breadcrumb\":{\"@id\":\"https:\/\/www.lacajadeloscables.com\/?p=580#breadcrumb\"},\"inLanguage\":\"es\",\"potentialAction\":[{\"@type\":\"ReadAction\",\"target\":[\"https:\/\/www.lacajadeloscables.com\/?p=580\"]}]},{\"@type\":\"BreadcrumbList\",\"@id\":\"https:\/\/www.lacajadeloscables.com\/?p=580#breadcrumb\",\"itemListElement\":[{\"@type\":\"ListItem\",\"position\":1,\"name\":\"Portada\",\"item\":\"https:\/\/www.lacajadeloscables.com\/\"},{\"@type\":\"ListItem\",\"position\":2,\"name\":\"Eventos de tecnolog\u00eda en Zaragoza\"}]},{\"@type\":\"WebSite\",\"@id\":\"https:\/\/www.lacajadeloscables.com\/#website\",\"url\":\"https:\/\/www.lacajadeloscables.com\/\",\"name\":\"La caja de los cables\",\"description\":\"Inform\u00e1tica y programaci\u00f3n para todos los usuarios\",\"potentialAction\":[{\"@type\":\"SearchAction\",\"target\":{\"@type\":\"EntryPoint\",\"urlTemplate\":\"https:\/\/www.lacajadeloscables.com\/?s={search_term_string}\"},\"query-input\":\"required name=search_term_string\"}],\"inLanguage\":\"es\"},{\"@type\":\"Person\",\"@id\":\"https:\/\/www.lacajadeloscables.com\/#\/schema\/person\/e1f2c239c39115fd646cd99802e6e9ee\",\"name\":\"admin\",\"image\":{\"@type\":\"ImageObject\",\"inLanguage\":\"es\",\"@id\":\"https:\/\/www.lacajadeloscables.com\/#\/schema\/person\/image\/\",\"url\":\"https:\/\/secure.gravatar.com\/avatar\/5b167eadb25012d586b14dc2fd5a5f01?s=96&d=mm&r=g\",\"contentUrl\":\"https:\/\/secure.gravatar.com\/avatar\/5b167eadb25012d586b14dc2fd5a5f01?s=96&d=mm&r=g\",\"caption\":\"admin\"},\"url\":\"https:\/\/www.lacajadeloscables.com\/?author=1\"}]}<\/script>\n<!-- \/ Yoast SEO plugin. -->","yoast_head_json":{"title":"Eventos de tecnolog\u00eda en Zaragoza - La caja de los cables","robots":{"index":"index","follow":"follow","max-snippet":"max-snippet:-1","max-image-preview":"max-image-preview:large","max-video-preview":"max-video-preview:-1"},"canonical":"https:\/\/www.lacajadeloscables.com\/?p=580","og_locale":"es_ES","og_type":"article","og_title":"Eventos de tecnolog\u00eda en Zaragoza - La caja de los cables","og_description":"Parece que el mundillo de las tecnolog\u00edas y en especial de las webs tiene una mayor participaci\u00f3n en Zaragoza. Hoy","og_url":"https:\/\/www.lacajadeloscables.com\/?p=580","og_site_name":"La caja de los cables","article_published_time":"2009-09-16T09:27:04+00:00","author":"admin","twitter_card":"summary_large_image","twitter_misc":{"Escrito por":"admin","Tiempo de lectura":"1 minuto"},"schema":{"@context":"https:\/\/schema.org","@graph":[{"@type":"WebPage","@id":"https:\/\/www.lacajadeloscables.com\/?p=580","url":"https:\/\/www.lacajadeloscables.com\/?p=580","name":"Eventos de tecnolog\u00eda en Zaragoza - La caja de los cables","isPartOf":{"@id":"https:\/\/www.lacajadeloscables.com\/#website"},"datePublished":"2009-09-16T09:27:04+00:00","dateModified":"2009-09-16T09:27:04+00:00","author":{"@id":"https:\/\/www.lacajadeloscables.com\/#\/schema\/person\/e1f2c239c39115fd646cd99802e6e9ee"},"breadcrumb":{"@id":"https:\/\/www.lacajadeloscables.com\/?p=580#breadcrumb"},"inLanguage":"es","potentialAction":[{"@type":"ReadAction","target":["https:\/\/www.lacajadeloscables.com\/?p=580"]}]},{"@type":"BreadcrumbList","@id":"https:\/\/www.lacajadeloscables.com\/?p=580#breadcrumb","itemListElement":[{"@type":"ListItem","position":1,"name":"Portada","item":"https:\/\/www.lacajadeloscables.com\/"},{"@type":"ListItem","position":2,"name":"Eventos de tecnolog\u00eda en Zaragoza"}]},{"@type":"WebSite","@id":"https:\/\/www.lacajadeloscables.com\/#website","url":"https:\/\/www.lacajadeloscables.com\/","name":"La caja de los cables","description":"Inform\u00e1tica y programaci\u00f3n para todos los usuarios","potentialAction":[{"@type":"SearchAction","target":{"@type":"EntryPoint","urlTemplate":"https:\/\/www.lacajadeloscables.com\/?s={search_term_string}"},"query-input":"required name=search_term_string"}],"inLanguage":"es"},{"@type":"Person","@id":"https:\/\/www.lacajadeloscables.com\/#\/schema\/person\/e1f2c239c39115fd646cd99802e6e9ee","name":"admin","image":{"@type":"ImageObject","inLanguage":"es","@id":"https:\/\/www.lacajadeloscables.com\/#\/schema\/person\/image\/","url":"https:\/\/secure.gravatar.com\/avatar\/5b167eadb25012d586b14dc2fd5a5f01?s=96&d=mm&r=g","contentUrl":"https:\/\/secure.gravatar.com\/avatar\/5b167eadb25012d586b14dc2fd5a5f01?s=96&d=mm&r=g","caption":"admin"},"url":"https:\/\/www.lacajadeloscables.com\/?author=1"}]}},"_links":{"self":[{"href":"https:\/\/www.lacajadeloscables.com\/index.php?rest_route=\/wp\/v2\/posts\/580"}],"collection":[{"href":"https:\/\/www.lacajadeloscables.com\/index.php?rest_route=\/wp\/v2\/posts"}],"about":[{"href":"https:\/\/www.lacajadeloscables.com\/index.php?rest_route=\/wp\/v2\/types\/post"}],"author":[{"embeddable":true,"href":"https:\/\/www.lacajadeloscables.com\/index.php?rest_route=\/wp\/v2\/users\/1"}],"replies":[{"embeddable":true,"href":"https:\/\/www.lacajadeloscables.com\/index.php?rest_route=%2Fwp%2Fv2%2Fcomments&post=580"}],"version-history":[{"count":0,"href":"https:\/\/www.lacajadeloscables.com\/index.php?rest_route=\/wp\/v2\/posts\/580\/revisions"}],"wp:attachment":[{"href":"https:\/\/www.lacajadeloscables.com\/index.php?rest_route=%2Fwp%2Fv2%2Fmedia&parent=580"}],"wp:term":[{"taxonomy":"category","embeddable":true,"href":"https:\/\/www.lacajadeloscables.com\/index.php?rest_route=%2Fwp%2Fv2%2Fcategories&post=580"},{"taxonomy":"post_tag","embeddable":true,"href":"https:\/\/www.lacajadeloscables.com\/index.php?rest_route=%2Fwp%2Fv2%2Ftags&post=580"}],"curies":[{"name":"wp","href":"https:\/\/api.w.org\/{rel}","templated":true}]}}