{"id":102,"date":"2008-11-06T12:16:26","date_gmt":"2008-11-06T10:16:26","guid":{"rendered":"http:\/\/lacajadeloscables.wordpress.com\/?p=102"},"modified":"2008-11-06T12:16:26","modified_gmt":"2008-11-06T10:16:26","slug":"que-mini-portatil-comprar","status":"publish","type":"post","link":"https:\/\/www.lacajadeloscables.com\/?p=102","title":{"rendered":"\u00bfQu\u00e9 netbook me puedo comprar?"},"content":{"rendered":"<p><a href=\"http:\/\/lacajadeloscables.com\/wp-content\/uploads\/2008\/11\/msi_wind.jpg\"><img loading=\"lazy\" class=\"aligncenter size-full wp-image-179\" title=\"msi_wind\" src=\"http:\/\/lacajadeloscables.com\/wp-content\/uploads\/2008\/11\/msi_wind.jpg\" alt=\"msi_wind\" width=\"240\" height=\"302\" srcset=\"https:\/\/www.lacajadeloscables.com\/wp-content\/uploads\/2008\/11\/msi_wind.jpg 300w, https:\/\/www.lacajadeloscables.com\/wp-content\/uploads\/2008\/11\/msi_wind-239x300.jpg 239w\" sizes=\"(max-width: 240px) 100vw, 240px\" \/><\/a> Sin duda es la \u00e9poca de los <strong>mini port\u00e1tiles <\/strong>(<strong>netbook<\/strong>) o cuya traduccion m\u00e1s real ser\u00eda \u00abredlibro\u00bb, todas las empresas dedicadas a producir port\u00e1tiles han sacado ya su modelo. Ofrecen en un reducido tama\u00f1o la mayor\u00eda de opciones de sus hermanos mayores, exceptuando unidades cd\/dvd o grandes capacidades de procesamiento, pero la verdad es una buena soluci\u00f3n para todas aquellas personas que necesitan estar <strong>conectadas permanentemente<\/strong> a su empresa.<\/p>\n<p>El primero fue <a href=\"http:\/\/eeepc.asus.com\/global\/\" target=\"_self\">Asus<\/a> con su modelo \u00ab<strong>eee<\/strong>\u00bb y nuestro pa\u00eds le siguieron modelos de Acer e Inves. Particularmente el modelo de <a href=\"http:\/\/www.acer.es\/public\/page3.do?sp=page39&amp;dau7.oid=835&amp;UserCtxParam=0&amp;GroupCtxParam=0&amp;dctx1=14&amp;CountryISOCtxParam=ES&amp;LanguageISOCtxParam=es&amp;ctx3=-1&amp;crc=215740259\" target=\"_self\">Acer<\/a> es moderno y bonito, me recuerda a ese toque que tienen los \u00faltimos port\u00e1tiles de Sony. Casi todos imitan el estilo del casi desaparecido macbook de policarbonato blanco.  En cuanto a caracter\u00edsticas son todos bastante parecidos, <strong>procesador Atom<\/strong> de Intel, 512 MB a <strong>1 GB de RAM<\/strong>, y con <strong>discos duros tipo flash<\/strong> de como mucho 8Gb, y es aqu\u00ed donde destaca el modelo con el que yo me quedar\u00eda el <a href=\"http:\/\/global.msi.com.tw\/index.php?func=prodpage2&amp;maincat_no=135&amp;cat2_no=582\" target=\"_blank\">MSI WIND<\/a> el cual tambi\u00e9n se puede encontrar en MediaMarkt como <strong>Medion Akoya Mini<\/strong>. Y destaca por su disco duro de 80 GB. Y por algunas pruebas que han realizado <a href=\"http:\/\/www.modaco.com\/content\/asus-eee-pc-http-www-eeeasy-com\/270099\/pauls-complete-guide-to-installing-osx-leopard-on-your-msi-wind-advent-4211\/\" target=\"_blank\">instalando un Leopard<\/a> en este equipo, que mediante unos hacks consiguen que funcione Wifi y sonido, es una buena forma (aunque ilegal) de probar <strong>un sistema operativo de apple<\/strong>.<\/p>\n","protected":false},"excerpt":{"rendered":"<p>Sin duda es la \u00e9poca de los mini port\u00e1tiles (netbook) o cuya traduccion m\u00e1s real ser\u00eda \u00abredlibro\u00bb, todas las empresas<\/p>\n","protected":false},"author":1,"featured_media":0,"comment_status":"open","ping_status":"open","sticky":false,"template":"","format":"standard","meta":[],"categories":[4,14,20],"tags":[46,54,130,213,233,251,264,291,373],"yoast_head":"<!-- This site is optimized with the Yoast SEO plugin v19.13 - https:\/\/yoast.com\/wordpress\/plugins\/seo\/ -->\n<title>\u00bfQu\u00e9 netbook me puedo comprar? - La caja de los cables<\/title>\n<meta name=\"robots\" content=\"index, follow, max-snippet:-1, max-image-preview:large, max-video-preview:-1\" \/>\n<link rel=\"canonical\" href=\"https:\/\/www.lacajadeloscables.com\/?p=102\" \/>\n<meta property=\"og:locale\" content=\"es_ES\" \/>\n<meta property=\"og:type\" content=\"article\" \/>\n<meta property=\"og:title\" content=\"\u00bfQu\u00e9 netbook me puedo comprar? - La caja de los cables\" \/>\n<meta property=\"og:description\" content=\"Sin duda es la \u00e9poca de los mini port\u00e1tiles (netbook) o cuya traduccion m\u00e1s real ser\u00eda \u00abredlibro\u00bb, todas las empresas\" \/>\n<meta property=\"og:url\" content=\"https:\/\/www.lacajadeloscables.com\/?p=102\" \/>\n<meta property=\"og:site_name\" content=\"La caja de los cables\" \/>\n<meta property=\"article:published_time\" content=\"2008-11-06T10:16:26+00:00\" \/>\n<meta property=\"og:image\" content=\"http:\/\/lacajadeloscables.com\/wp-content\/uploads\/2008\/11\/msi_wind.jpg\" \/>\n<meta name=\"author\" content=\"admin\" \/>\n<meta name=\"twitter:card\" content=\"summary_large_image\" \/>\n<meta name=\"twitter:label1\" content=\"Escrito por\" \/>\n\t<meta name=\"twitter:data1\" content=\"admin\" \/>\n\t<meta name=\"twitter:label2\" content=\"Tiempo de lectura\" \/>\n\t<meta name=\"twitter:data2\" content=\"1 minuto\" \/>\n<script type=\"application\/ld+json\" class=\"yoast-schema-graph\">{\"@context\":\"https:\/\/schema.org\",\"@graph\":[{\"@type\":\"WebPage\",\"@id\":\"https:\/\/www.lacajadeloscables.com\/?p=102\",\"url\":\"https:\/\/www.lacajadeloscables.com\/?p=102\",\"name\":\"\u00bfQu\u00e9 netbook me puedo comprar? - La caja de los cables\",\"isPartOf\":{\"@id\":\"https:\/\/www.lacajadeloscables.com\/#website\"},\"datePublished\":\"2008-11-06T10:16:26+00:00\",\"dateModified\":\"2008-11-06T10:16:26+00:00\",\"author\":{\"@id\":\"https:\/\/www.lacajadeloscables.com\/#\/schema\/person\/e1f2c239c39115fd646cd99802e6e9ee\"},\"breadcrumb\":{\"@id\":\"https:\/\/www.lacajadeloscables.com\/?p=102#breadcrumb\"},\"inLanguage\":\"es\",\"potentialAction\":[{\"@type\":\"ReadAction\",\"target\":[\"https:\/\/www.lacajadeloscables.com\/?p=102\"]}]},{\"@type\":\"BreadcrumbList\",\"@id\":\"https:\/\/www.lacajadeloscables.com\/?p=102#breadcrumb\",\"itemListElement\":[{\"@type\":\"ListItem\",\"position\":1,\"name\":\"Portada\",\"item\":\"https:\/\/www.lacajadeloscables.com\/\"},{\"@type\":\"ListItem\",\"position\":2,\"name\":\"\u00bfQu\u00e9 netbook me puedo comprar?\"}]},{\"@type\":\"WebSite\",\"@id\":\"https:\/\/www.lacajadeloscables.com\/#website\",\"url\":\"https:\/\/www.lacajadeloscables.com\/\",\"name\":\"La caja de los cables\",\"description\":\"Inform\u00e1tica y programaci\u00f3n para todos los usuarios\",\"potentialAction\":[{\"@type\":\"SearchAction\",\"target\":{\"@type\":\"EntryPoint\",\"urlTemplate\":\"https:\/\/www.lacajadeloscables.com\/?s={search_term_string}\"},\"query-input\":\"required name=search_term_string\"}],\"inLanguage\":\"es\"},{\"@type\":\"Person\",\"@id\":\"https:\/\/www.lacajadeloscables.com\/#\/schema\/person\/e1f2c239c39115fd646cd99802e6e9ee\",\"name\":\"admin\",\"image\":{\"@type\":\"ImageObject\",\"inLanguage\":\"es\",\"@id\":\"https:\/\/www.lacajadeloscables.com\/#\/schema\/person\/image\/\",\"url\":\"https:\/\/secure.gravatar.com\/avatar\/5b167eadb25012d586b14dc2fd5a5f01?s=96&d=mm&r=g\",\"contentUrl\":\"https:\/\/secure.gravatar.com\/avatar\/5b167eadb25012d586b14dc2fd5a5f01?s=96&d=mm&r=g\",\"caption\":\"admin\"},\"url\":\"https:\/\/www.lacajadeloscables.com\/?author=1\"}]}<\/script>\n<!-- \/ Yoast SEO plugin. -->","yoast_head_json":{"title":"\u00bfQu\u00e9 netbook me puedo comprar? - La caja de los cables","robots":{"index":"index","follow":"follow","max-snippet":"max-snippet:-1","max-image-preview":"max-image-preview:large","max-video-preview":"max-video-preview:-1"},"canonical":"https:\/\/www.lacajadeloscables.com\/?p=102","og_locale":"es_ES","og_type":"article","og_title":"\u00bfQu\u00e9 netbook me puedo comprar? - La caja de los cables","og_description":"Sin duda es la \u00e9poca de los mini port\u00e1tiles (netbook) o cuya traduccion m\u00e1s real ser\u00eda \u00abredlibro\u00bb, todas las empresas","og_url":"https:\/\/www.lacajadeloscables.com\/?p=102","og_site_name":"La caja de los cables","article_published_time":"2008-11-06T10:16:26+00:00","og_image":[{"url":"http:\/\/lacajadeloscables.com\/wp-content\/uploads\/2008\/11\/msi_wind.jpg"}],"author":"admin","twitter_card":"summary_large_image","twitter_misc":{"Escrito por":"admin","Tiempo de lectura":"1 minuto"},"schema":{"@context":"https:\/\/schema.org","@graph":[{"@type":"WebPage","@id":"https:\/\/www.lacajadeloscables.com\/?p=102","url":"https:\/\/www.lacajadeloscables.com\/?p=102","name":"\u00bfQu\u00e9 netbook me puedo comprar? - La caja de los cables","isPartOf":{"@id":"https:\/\/www.lacajadeloscables.com\/#website"},"datePublished":"2008-11-06T10:16:26+00:00","dateModified":"2008-11-06T10:16:26+00:00","author":{"@id":"https:\/\/www.lacajadeloscables.com\/#\/schema\/person\/e1f2c239c39115fd646cd99802e6e9ee"},"breadcrumb":{"@id":"https:\/\/www.lacajadeloscables.com\/?p=102#breadcrumb"},"inLanguage":"es","potentialAction":[{"@type":"ReadAction","target":["https:\/\/www.lacajadeloscables.com\/?p=102"]}]},{"@type":"BreadcrumbList","@id":"https:\/\/www.lacajadeloscables.com\/?p=102#breadcrumb","itemListElement":[{"@type":"ListItem","position":1,"name":"Portada","item":"https:\/\/www.lacajadeloscables.com\/"},{"@type":"ListItem","position":2,"name":"\u00bfQu\u00e9 netbook me puedo comprar?"}]},{"@type":"WebSite","@id":"https:\/\/www.lacajadeloscables.com\/#website","url":"https:\/\/www.lacajadeloscables.com\/","name":"La caja de los cables","description":"Inform\u00e1tica y programaci\u00f3n para todos los usuarios","potentialAction":[{"@type":"SearchAction","target":{"@type":"EntryPoint","urlTemplate":"https:\/\/www.lacajadeloscables.com\/?s={search_term_string}"},"query-input":"required name=search_term_string"}],"inLanguage":"es"},{"@type":"Person","@id":"https:\/\/www.lacajadeloscables.com\/#\/schema\/person\/e1f2c239c39115fd646cd99802e6e9ee","name":"admin","image":{"@type":"ImageObject","inLanguage":"es","@id":"https:\/\/www.lacajadeloscables.com\/#\/schema\/person\/image\/","url":"https:\/\/secure.gravatar.com\/avatar\/5b167eadb25012d586b14dc2fd5a5f01?s=96&d=mm&r=g","contentUrl":"https:\/\/secure.gravatar.com\/avatar\/5b167eadb25012d586b14dc2fd5a5f01?s=96&d=mm&r=g","caption":"admin"},"url":"https:\/\/www.lacajadeloscables.com\/?author=1"}]}},"_links":{"self":[{"href":"https:\/\/www.lacajadeloscables.com\/index.php?rest_route=\/wp\/v2\/posts\/102"}],"collection":[{"href":"https:\/\/www.lacajadeloscables.com\/index.php?rest_route=\/wp\/v2\/posts"}],"about":[{"href":"https:\/\/www.lacajadeloscables.com\/index.php?rest_route=\/wp\/v2\/types\/post"}],"author":[{"embeddable":true,"href":"https:\/\/www.lacajadeloscables.com\/index.php?rest_route=\/wp\/v2\/users\/1"}],"replies":[{"embeddable":true,"href":"https:\/\/www.lacajadeloscables.com\/index.php?rest_route=%2Fwp%2Fv2%2Fcomments&post=102"}],"version-history":[{"count":0,"href":"https:\/\/www.lacajadeloscables.com\/index.php?rest_route=\/wp\/v2\/posts\/102\/revisions"}],"wp:attachment":[{"href":"https:\/\/www.lacajadeloscables.com\/index.php?rest_route=%2Fwp%2Fv2%2Fmedia&parent=102"}],"wp:term":[{"taxonomy":"category","embeddable":true,"href":"https:\/\/www.lacajadeloscables.com\/index.php?rest_route=%2Fwp%2Fv2%2Fcategories&post=102"},{"taxonomy":"post_tag","embeddable":true,"href":"https:\/\/www.lacajadeloscables.com\/index.php?rest_route=%2Fwp%2Fv2%2Ftags&post=102"}],"curies":[{"name":"wp","href":"https:\/\/api.w.org\/{rel}","templated":true}]}}